{"id":1550,"date":"2022-02-18T13:17:07","date_gmt":"2022-02-18T12:17:07","guid":{"rendered":"https:\/\/ple187.poznan.pl\/?p=1550"},"modified":"2022-02-18T13:28:08","modified_gmt":"2022-02-18T12:28:08","slug":"balik-karnawalowy","status":"publish","type":"post","link":"https:\/\/ple187.poznan.pl\/index.php\/2022\/02\/18\/balik-karnawalowy\/","title":{"rendered":"Balik karnawa\u0142owy"},"content":{"rendered":"\n<figure class=\"wp-block-image size-full is-resized\"><img decoding=\"async\" loading=\"lazy\" src=\"https:\/\/ple187.poznan.pl\/wp-content\/uploads\/2022\/02\/balik.jpeg\" alt=\"\" class=\"wp-image-1552\" width=\"720\" height=\"540\" srcset=\"https:\/\/ple187.poznan.pl\/wp-content\/uploads\/2022\/02\/balik.jpeg 960w, https:\/\/ple187.poznan.pl\/wp-content\/uploads\/2022\/02\/balik-300x225.jpeg 300w, https:\/\/ple187.poznan.pl\/wp-content\/uploads\/2022\/02\/balik-768x576.jpeg 768w\" sizes=\"(max-width: 720px) 100vw, 720px\" \/><\/figure>\n\n\n\n<p>Jak co roku w naszym przedszkolu odbywa si\u0119 bal dla wszystkich dzieci.<\/p>\n\n\n\n<p>W tym dniu dzieci wcielaj\u0105 si\u0119 w ulubione postaci, spe\u0142niaj\u0105c swoje marzenia.<\/p>\n\n\n\n<div class=\"wp-block-buttons is-layout-flex wp-block-buttons-is-layout-flex\">\n<div class=\"wp-block-button\"><a class=\"wp-block-button__link\" href=\"https:\/\/ple187.poznan.pl\/index.php\/galeria\/wspolne-uroczystosci\/nggallery\/2021-2022\/balik-karnawalowy\"><span class=\"has-inline-color has-luminous-vivid-orange-color\">Balik karnawa\u0142owy Galeria<\/span><\/a><\/div>\n<\/div>\n","protected":false},"excerpt":{"rendered":"<p>Jak co roku w naszym przedszkolu odbywa si\u0119 bal dla wszystkich dzieci. W tym dniu dzieci wcielaj\u0105 si\u0119 w ulubione postaci, spe\u0142niaj\u0105c swoje marzenia.<\/p>\n","protected":false},"author":3,"featured_media":1552,"comment_status":"open","ping_status":"open","sticky":false,"template":"","format":"standard","meta":{"ngg_post_thumbnail":0,"footnotes":""},"categories":[1],"tags":[],"_links":{"self":[{"href":"https:\/\/ple187.poznan.pl\/index.php\/wp-json\/wp\/v2\/posts\/1550"}],"collection":[{"href":"https:\/\/ple187.poznan.pl\/index.php\/wp-json\/wp\/v2\/posts"}],"about":[{"href":"https:\/\/ple187.poznan.pl\/index.php\/wp-json\/wp\/v2\/types\/post"}],"author":[{"embeddable":true,"href":"https:\/\/ple187.poznan.pl\/index.php\/wp-json\/wp\/v2\/users\/3"}],"replies":[{"embeddable":true,"href":"https:\/\/ple187.poznan.pl\/index.php\/wp-json\/wp\/v2\/comments?post=1550"}],"version-history":[{"count":4,"href":"https:\/\/ple187.poznan.pl\/index.php\/wp-json\/wp\/v2\/posts\/1550\/revisions"}],"predecessor-version":[{"id":1555,"href":"https:\/\/ple187.poznan.pl\/index.php\/wp-json\/wp\/v2\/posts\/1550\/revisions\/1555"}],"wp:featuredmedia":[{"embeddable":true,"href":"https:\/\/ple187.poznan.pl\/index.php\/wp-json\/wp\/v2\/media\/1552"}],"wp:attachment":[{"href":"https:\/\/ple187.poznan.pl\/index.php\/wp-json\/wp\/v2\/media?parent=1550"}],"wp:term":[{"taxonomy":"category","embeddable":true,"href":"https:\/\/ple187.poznan.pl\/index.php\/wp-json\/wp\/v2\/categories?post=1550"},{"taxonomy":"post_tag","embeddable":true,"href":"https:\/\/ple187.poznan.pl\/index.php\/wp-json\/wp\/v2\/tags?post=1550"}],"curies":[{"name":"wp","href":"https:\/\/api.w.org\/{rel}","templated":true}]}}