{"id":2031,"date":"2022-04-22T13:38:57","date_gmt":"2022-04-22T11:38:57","guid":{"rendered":"https:\/\/ple187.poznan.pl\/?p=2031"},"modified":"2022-04-22T13:43:19","modified_gmt":"2022-04-22T11:43:19","slug":"swiatowy-dzien-ziemi","status":"publish","type":"post","link":"https:\/\/ple187.poznan.pl\/index.php\/2022\/04\/22\/swiatowy-dzien-ziemi\/","title":{"rendered":"\u015aWIATOWY DZIE\u0143 ZIEMI"},"content":{"rendered":"\n<p>Nasze przedszkole obchodzi dzi\u015b \u015aWIATOWY DZIE\u0143 ZIEMI.<br>W tym dniu dzieci ucz\u0105 si\u0119 w jaki spos\u00f3b segregowa\u0107 odpady, oszcz\u0119dza\u0107 wod\u0119, dba\u0107 o przyrod\u0119.<br>Zapraszamy do obejrzenia zdj\u0119\u0107. <\/p>\n\n\n\n<p><br><\/p>\n","protected":false},"excerpt":{"rendered":"<p>Nasze przedszkole obchodzi dzi\u015b \u015aWIATOWY DZIE\u0143 ZIEMI.W tym dniu dzieci ucz\u0105 si\u0119 w jaki spos\u00f3b segregowa\u0107 odpady, oszcz\u0119dza\u0107 wod\u0119, dba\u0107 o przyrod\u0119.Zapraszamy do obejrzenia zdj\u0119\u0107.<\/p>\n","protected":false},"author":3,"featured_media":2034,"comment_status":"open","ping_status":"open","sticky":false,"template":"","format":"standard","meta":{"ngg_post_thumbnail":0,"footnotes":""},"categories":[1],"tags":[],"_links":{"self":[{"href":"https:\/\/ple187.poznan.pl\/index.php\/wp-json\/wp\/v2\/posts\/2031"}],"collection":[{"href":"https:\/\/ple187.poznan.pl\/index.php\/wp-json\/wp\/v2\/posts"}],"about":[{"href":"https:\/\/ple187.poznan.pl\/index.php\/wp-json\/wp\/v2\/types\/post"}],"author":[{"embeddable":true,"href":"https:\/\/ple187.poznan.pl\/index.php\/wp-json\/wp\/v2\/users\/3"}],"replies":[{"embeddable":true,"href":"https:\/\/ple187.poznan.pl\/index.php\/wp-json\/wp\/v2\/comments?post=2031"}],"version-history":[{"count":1,"href":"https:\/\/ple187.poznan.pl\/index.php\/wp-json\/wp\/v2\/posts\/2031\/revisions"}],"predecessor-version":[{"id":2032,"href":"https:\/\/ple187.poznan.pl\/index.php\/wp-json\/wp\/v2\/posts\/2031\/revisions\/2032"}],"wp:featuredmedia":[{"embeddable":true,"href":"https:\/\/ple187.poznan.pl\/index.php\/wp-json\/wp\/v2\/media\/2034"}],"wp:attachment":[{"href":"https:\/\/ple187.poznan.pl\/index.php\/wp-json\/wp\/v2\/media?parent=2031"}],"wp:term":[{"taxonomy":"category","embeddable":true,"href":"https:\/\/ple187.poznan.pl\/index.php\/wp-json\/wp\/v2\/categories?post=2031"},{"taxonomy":"post_tag","embeddable":true,"href":"https:\/\/ple187.poznan.pl\/index.php\/wp-json\/wp\/v2\/tags?post=2031"}],"curies":[{"name":"wp","href":"https:\/\/api.w.org\/{rel}","templated":true}]}}