{"id":4171,"date":"2023-10-25T02:17:52","date_gmt":"2023-10-25T00:17:52","guid":{"rendered":"https:\/\/ple187.poznan.pl\/?p=4171"},"modified":"2023-10-25T02:36:45","modified_gmt":"2023-10-25T00:36:45","slug":"bieg-w-pizamach","status":"publish","type":"post","link":"https:\/\/ple187.poznan.pl\/index.php\/2023\/10\/25\/bieg-w-pizamach\/","title":{"rendered":"Bieg w pi\u017camach"},"content":{"rendered":"\n<p>Po wsp\u00f3lnej rozgrzewce, dzieci z naszego przedszkola na bie\u017cni, a uczniowie szko\u0142y wok\u00f3\u0142 terenu Zespo\u0142u Szkolno &#8211; Przedszkolnego Nr 1 wzi\u0119li udzia\u0142 w Og\u00f3lnopolskim Biegu Charytatywnym. <\/p>\n\n\n\n<p>Zapraszamy do obejrzenia materia\u0142u telewizji WTK.<\/p>\n\n\n\n<figure class=\"wp-block-video\"><video autoplay controls src=\"https:\/\/ple187.poznan.pl\/wp-content\/uploads\/2023\/10\/Bieg-w-pizamach.-W-szczytnym-celu-1.mp4\" playsinline><\/video><\/figure>\n","protected":false},"excerpt":{"rendered":"<p>Po wsp\u00f3lnej rozgrzewce, dzieci z naszego przedszkola na bie\u017cni, a uczniowie szko\u0142y wok\u00f3\u0142 terenu Zespo\u0142u Szkolno &#8211; Przedszkolnego Nr 1 wzi\u0119li udzia\u0142 w Og\u00f3lnopolskim Biegu Charytatywnym. Zapraszamy do obejrzenia materia\u0142u telewizji WTK.<\/p>\n","protected":false},"author":3,"featured_media":4179,"comment_status":"open","ping_status":"open","sticky":false,"template":"","format":"standard","meta":{"ngg_post_thumbnail":0,"footnotes":""},"categories":[1],"tags":[],"_links":{"self":[{"href":"https:\/\/ple187.poznan.pl\/index.php\/wp-json\/wp\/v2\/posts\/4171"}],"collection":[{"href":"https:\/\/ple187.poznan.pl\/index.php\/wp-json\/wp\/v2\/posts"}],"about":[{"href":"https:\/\/ple187.poznan.pl\/index.php\/wp-json\/wp\/v2\/types\/post"}],"author":[{"embeddable":true,"href":"https:\/\/ple187.poznan.pl\/index.php\/wp-json\/wp\/v2\/users\/3"}],"replies":[{"embeddable":true,"href":"https:\/\/ple187.poznan.pl\/index.php\/wp-json\/wp\/v2\/comments?post=4171"}],"version-history":[{"count":5,"href":"https:\/\/ple187.poznan.pl\/index.php\/wp-json\/wp\/v2\/posts\/4171\/revisions"}],"predecessor-version":[{"id":4178,"href":"https:\/\/ple187.poznan.pl\/index.php\/wp-json\/wp\/v2\/posts\/4171\/revisions\/4178"}],"wp:featuredmedia":[{"embeddable":true,"href":"https:\/\/ple187.poznan.pl\/index.php\/wp-json\/wp\/v2\/media\/4179"}],"wp:attachment":[{"href":"https:\/\/ple187.poznan.pl\/index.php\/wp-json\/wp\/v2\/media?parent=4171"}],"wp:term":[{"taxonomy":"category","embeddable":true,"href":"https:\/\/ple187.poznan.pl\/index.php\/wp-json\/wp\/v2\/categories?post=4171"},{"taxonomy":"post_tag","embeddable":true,"href":"https:\/\/ple187.poznan.pl\/index.php\/wp-json\/wp\/v2\/tags?post=4171"}],"curies":[{"name":"wp","href":"https:\/\/api.w.org\/{rel}","templated":true}]}}