{"id":5538,"date":"2025-09-24T00:14:40","date_gmt":"2025-09-23T22:14:40","guid":{"rendered":"https:\/\/ple187.poznan.pl\/?p=5538"},"modified":"2025-09-24T00:14:40","modified_gmt":"2025-09-23T22:14:40","slug":"sprzatanie-swiata","status":"publish","type":"post","link":"https:\/\/ple187.poznan.pl\/index.php\/2025\/09\/24\/sprzatanie-swiata\/","title":{"rendered":"SPRZ\u0104TANIE \u015aWIATA"},"content":{"rendered":"\n<p>Nasza plac\u00f3wka tradycyjnie wzi\u0119\u0142a udzia\u0142 w tej mi\u0119dzynarodowej kampani ekologicznej. Dzieci pod opiek\u0105 nauczycieli, wyposa\u017cone w r\u0119kawiczki i worki na \u015bmieci zbiera\u0142y odpady. Uczy\u0142y si\u0119 przy tym troski o \u015brodowisko oraz poznawa\u0142y znaczenie segregacji \u015bmieci. Celem wydarzenia by\u0142o kszta\u0142towanie postaw proekologicznych. <\/p>\n","protected":false},"excerpt":{"rendered":"<p>Nasza plac\u00f3wka tradycyjnie wzi\u0119\u0142a udzia\u0142 w tej mi\u0119dzynarodowej kampani ekologicznej. Dzieci pod opiek\u0105 nauczycieli, wyposa\u017cone w r\u0119kawiczki i worki na \u015bmieci zbiera\u0142y odpady. Uczy\u0142y si\u0119 przy tym troski o \u015brodowisko oraz poznawa\u0142y znaczenie segregacji \u015bmieci. Celem wydarzenia by\u0142o kszta\u0142towanie postaw proekologicznych.<\/p>\n","protected":false},"author":3,"featured_media":5539,"comment_status":"open","ping_status":"open","sticky":false,"template":"","format":"standard","meta":{"ngg_post_thumbnail":0,"footnotes":""},"categories":[1],"tags":[],"_links":{"self":[{"href":"https:\/\/ple187.poznan.pl\/index.php\/wp-json\/wp\/v2\/posts\/5538"}],"collection":[{"href":"https:\/\/ple187.poznan.pl\/index.php\/wp-json\/wp\/v2\/posts"}],"about":[{"href":"https:\/\/ple187.poznan.pl\/index.php\/wp-json\/wp\/v2\/types\/post"}],"author":[{"embeddable":true,"href":"https:\/\/ple187.poznan.pl\/index.php\/wp-json\/wp\/v2\/users\/3"}],"replies":[{"embeddable":true,"href":"https:\/\/ple187.poznan.pl\/index.php\/wp-json\/wp\/v2\/comments?post=5538"}],"version-history":[{"count":1,"href":"https:\/\/ple187.poznan.pl\/index.php\/wp-json\/wp\/v2\/posts\/5538\/revisions"}],"predecessor-version":[{"id":5540,"href":"https:\/\/ple187.poznan.pl\/index.php\/wp-json\/wp\/v2\/posts\/5538\/revisions\/5540"}],"wp:featuredmedia":[{"embeddable":true,"href":"https:\/\/ple187.poznan.pl\/index.php\/wp-json\/wp\/v2\/media\/5539"}],"wp:attachment":[{"href":"https:\/\/ple187.poznan.pl\/index.php\/wp-json\/wp\/v2\/media?parent=5538"}],"wp:term":[{"taxonomy":"category","embeddable":true,"href":"https:\/\/ple187.poznan.pl\/index.php\/wp-json\/wp\/v2\/categories?post=5538"},{"taxonomy":"post_tag","embeddable":true,"href":"https:\/\/ple187.poznan.pl\/index.php\/wp-json\/wp\/v2\/tags?post=5538"}],"curies":[{"name":"wp","href":"https:\/\/api.w.org\/{rel}","templated":true}]}}