{"id":5560,"date":"2025-10-02T12:47:53","date_gmt":"2025-10-02T10:47:53","guid":{"rendered":"https:\/\/ple187.poznan.pl\/?p=5560"},"modified":"2025-10-02T12:47:53","modified_gmt":"2025-10-02T10:47:53","slug":"podsumowanie-akcji-sprzatanie-swiata","status":"publish","type":"post","link":"https:\/\/ple187.poznan.pl\/index.php\/2025\/10\/02\/podsumowanie-akcji-sprzatanie-swiata\/","title":{"rendered":"Podsumowanie akcji Sprz\u0105tanie \u015awiata"},"content":{"rendered":"\n<p>Szanowni Pa\u0144stwo<\/p>\n\n\n\n<p>W tym roku w akcji wzi\u0119\u0142o udzia\u0142 170 grup, 18 tysi\u0119cy zdeklarowanych uczestnik\u00f3w! W tym dzieci i uczniowie z naszego Zespo\u0142u Szkolno &#8211; Przedszkolnego Nr 1. <br>Zebrane zosta\u0142o w sumie 19 ton odpad\u00f3w w samym tylko Poznaniu.  <br>Ziemia z pewno\u015bci\u0105 jest nam wdzi\u0119czna za wykonanie tak wielkiego porz\u0105dku. <br><\/p>\n","protected":false},"excerpt":{"rendered":"<p>Szanowni Pa\u0144stwo W tym roku w akcji wzi\u0119\u0142o udzia\u0142 170 grup, 18 tysi\u0119cy zdeklarowanych uczestnik\u00f3w! W tym dzieci i uczniowie z naszego Zespo\u0142u Szkolno &#8211; Przedszkolnego Nr 1. Zebrane zosta\u0142o w sumie 19 ton odpad\u00f3w w samym tylko Poznaniu. Ziemia z pewno\u015bci\u0105 jest nam wdzi\u0119czna za wykonanie tak wielkiego porz\u0105dku.<\/p>\n","protected":false},"author":3,"featured_media":5562,"comment_status":"open","ping_status":"open","sticky":false,"template":"","format":"standard","meta":{"ngg_post_thumbnail":0,"footnotes":""},"categories":[1],"tags":[],"_links":{"self":[{"href":"https:\/\/ple187.poznan.pl\/index.php\/wp-json\/wp\/v2\/posts\/5560"}],"collection":[{"href":"https:\/\/ple187.poznan.pl\/index.php\/wp-json\/wp\/v2\/posts"}],"about":[{"href":"https:\/\/ple187.poznan.pl\/index.php\/wp-json\/wp\/v2\/types\/post"}],"author":[{"embeddable":true,"href":"https:\/\/ple187.poznan.pl\/index.php\/wp-json\/wp\/v2\/users\/3"}],"replies":[{"embeddable":true,"href":"https:\/\/ple187.poznan.pl\/index.php\/wp-json\/wp\/v2\/comments?post=5560"}],"version-history":[{"count":1,"href":"https:\/\/ple187.poznan.pl\/index.php\/wp-json\/wp\/v2\/posts\/5560\/revisions"}],"predecessor-version":[{"id":5563,"href":"https:\/\/ple187.poznan.pl\/index.php\/wp-json\/wp\/v2\/posts\/5560\/revisions\/5563"}],"wp:featuredmedia":[{"embeddable":true,"href":"https:\/\/ple187.poznan.pl\/index.php\/wp-json\/wp\/v2\/media\/5562"}],"wp:attachment":[{"href":"https:\/\/ple187.poznan.pl\/index.php\/wp-json\/wp\/v2\/media?parent=5560"}],"wp:term":[{"taxonomy":"category","embeddable":true,"href":"https:\/\/ple187.poznan.pl\/index.php\/wp-json\/wp\/v2\/categories?post=5560"},{"taxonomy":"post_tag","embeddable":true,"href":"https:\/\/ple187.poznan.pl\/index.php\/wp-json\/wp\/v2\/tags?post=5560"}],"curies":[{"name":"wp","href":"https:\/\/api.w.org\/{rel}","templated":true}]}}