{"id":5567,"date":"2025-10-21T00:19:15","date_gmt":"2025-10-20T22:19:15","guid":{"rendered":"https:\/\/ple187.poznan.pl\/?p=5567"},"modified":"2025-10-21T00:19:15","modified_gmt":"2025-10-20T22:19:15","slug":"lesne-biuro-spraw-niewyjasnionych","status":"publish","type":"post","link":"https:\/\/ple187.poznan.pl\/index.php\/2025\/10\/21\/lesne-biuro-spraw-niewyjasnionych\/","title":{"rendered":"\u201eLe\u015bne Biuro Spraw Niewyja\u015bnionych\u201d"},"content":{"rendered":"\n<p>Dzisiaj nasze Przedszkolaki mia\u0142y okazj\u0119 uczestniczy\u0107 w premierowym spektaklu teatralnym. Z wielkim zainteresowaniem \u015bledzi\u0142y przygody nied\u017awiadka Brunka, dziewczynki Zosi, pana Le\u015bniczego, dzi\u0119cio\u0142a, wiewi\u00f3rki, lisa\u2026<\/p>\n","protected":false},"excerpt":{"rendered":"<p>Dzisiaj nasze Przedszkolaki mia\u0142y okazj\u0119 uczestniczy\u0107 w premierowym spektaklu teatralnym. Z wielkim zainteresowaniem \u015bledzi\u0142y przygody nied\u017awiadka Brunka, dziewczynki Zosi, pana Le\u015bniczego, dzi\u0119cio\u0142a, wiewi\u00f3rki, lisa\u2026<\/p>\n","protected":false},"author":3,"featured_media":5568,"comment_status":"open","ping_status":"open","sticky":false,"template":"","format":"standard","meta":{"ngg_post_thumbnail":0,"footnotes":""},"categories":[1],"tags":[],"_links":{"self":[{"href":"https:\/\/ple187.poznan.pl\/index.php\/wp-json\/wp\/v2\/posts\/5567"}],"collection":[{"href":"https:\/\/ple187.poznan.pl\/index.php\/wp-json\/wp\/v2\/posts"}],"about":[{"href":"https:\/\/ple187.poznan.pl\/index.php\/wp-json\/wp\/v2\/types\/post"}],"author":[{"embeddable":true,"href":"https:\/\/ple187.poznan.pl\/index.php\/wp-json\/wp\/v2\/users\/3"}],"replies":[{"embeddable":true,"href":"https:\/\/ple187.poznan.pl\/index.php\/wp-json\/wp\/v2\/comments?post=5567"}],"version-history":[{"count":1,"href":"https:\/\/ple187.poznan.pl\/index.php\/wp-json\/wp\/v2\/posts\/5567\/revisions"}],"predecessor-version":[{"id":5569,"href":"https:\/\/ple187.poznan.pl\/index.php\/wp-json\/wp\/v2\/posts\/5567\/revisions\/5569"}],"wp:featuredmedia":[{"embeddable":true,"href":"https:\/\/ple187.poznan.pl\/index.php\/wp-json\/wp\/v2\/media\/5568"}],"wp:attachment":[{"href":"https:\/\/ple187.poznan.pl\/index.php\/wp-json\/wp\/v2\/media?parent=5567"}],"wp:term":[{"taxonomy":"category","embeddable":true,"href":"https:\/\/ple187.poznan.pl\/index.php\/wp-json\/wp\/v2\/categories?post=5567"},{"taxonomy":"post_tag","embeddable":true,"href":"https:\/\/ple187.poznan.pl\/index.php\/wp-json\/wp\/v2\/tags?post=5567"}],"curies":[{"name":"wp","href":"https:\/\/api.w.org\/{rel}","templated":true}]}}