{"id":5581,"date":"2025-11-03T00:24:19","date_gmt":"2025-11-02T23:24:19","guid":{"rendered":"https:\/\/ple187.poznan.pl\/?p=5581"},"modified":"2025-11-03T01:05:49","modified_gmt":"2025-11-03T00:05:49","slug":"muzyczny-rekord-w-naszym-przedszkolu","status":"publish","type":"post","link":"https:\/\/ple187.poznan.pl\/index.php\/2025\/11\/03\/muzyczny-rekord-w-naszym-przedszkolu\/","title":{"rendered":"Muzyczny rekord w naszym przedszkolu"},"content":{"rendered":"\n<p>W dniu 27 pa\u017adziernika 2025 roku, a\u017c 182 dzieci wykona\u0142o wsp\u00f3lnie kilkana\u015bcie piosenek. <br>Najwi\u0119kszy ch\u00f3r w historii naszego przedszkola, w naszej opinii \u015bpiewa najpi\u0119kniej. <br>Akcja zosta\u0142a przygotowana przez p. Natalk\u0119 i p. Krzy\u015bka. <br>Dzi\u0119kujemy dzieciom za ich ogromne zaanga\u017cowanie w nasz\u0105 akcj\u0119 i pi\u0119kne wykonanie wszystkich utwor\u00f3w. <br>Rodzicom i Paniom dzi\u0119kujemy za pomoc w przygotowaniu stroj\u00f3w i rekwizyt\u00f3w do ta\u0144ca. <\/p>\n","protected":false},"excerpt":{"rendered":"<p>W dniu 27 pa\u017adziernika 2025 roku, a\u017c 182 dzieci wykona\u0142o wsp\u00f3lnie kilkana\u015bcie piosenek. Najwi\u0119kszy ch\u00f3r w historii naszego przedszkola, w naszej opinii \u015bpiewa najpi\u0119kniej. Akcja zosta\u0142a przygotowana przez p. Natalk\u0119 i p. Krzy\u015bka. Dzi\u0119kujemy dzieciom za ich ogromne zaanga\u017cowanie w nasz\u0105 akcj\u0119 i pi\u0119kne wykonanie wszystkich utwor\u00f3w. Rodzicom i Paniom dzi\u0119kujemy za pomoc w przygotowaniu [&hellip;]<\/p>\n","protected":false},"author":3,"featured_media":5585,"comment_status":"open","ping_status":"open","sticky":false,"template":"","format":"standard","meta":{"ngg_post_thumbnail":0,"footnotes":""},"categories":[1],"tags":[],"_links":{"self":[{"href":"https:\/\/ple187.poznan.pl\/index.php\/wp-json\/wp\/v2\/posts\/5581"}],"collection":[{"href":"https:\/\/ple187.poznan.pl\/index.php\/wp-json\/wp\/v2\/posts"}],"about":[{"href":"https:\/\/ple187.poznan.pl\/index.php\/wp-json\/wp\/v2\/types\/post"}],"author":[{"embeddable":true,"href":"https:\/\/ple187.poznan.pl\/index.php\/wp-json\/wp\/v2\/users\/3"}],"replies":[{"embeddable":true,"href":"https:\/\/ple187.poznan.pl\/index.php\/wp-json\/wp\/v2\/comments?post=5581"}],"version-history":[{"count":2,"href":"https:\/\/ple187.poznan.pl\/index.php\/wp-json\/wp\/v2\/posts\/5581\/revisions"}],"predecessor-version":[{"id":5584,"href":"https:\/\/ple187.poznan.pl\/index.php\/wp-json\/wp\/v2\/posts\/5581\/revisions\/5584"}],"wp:featuredmedia":[{"embeddable":true,"href":"https:\/\/ple187.poznan.pl\/index.php\/wp-json\/wp\/v2\/media\/5585"}],"wp:attachment":[{"href":"https:\/\/ple187.poznan.pl\/index.php\/wp-json\/wp\/v2\/media?parent=5581"}],"wp:term":[{"taxonomy":"category","embeddable":true,"href":"https:\/\/ple187.poznan.pl\/index.php\/wp-json\/wp\/v2\/categories?post=5581"},{"taxonomy":"post_tag","embeddable":true,"href":"https:\/\/ple187.poznan.pl\/index.php\/wp-json\/wp\/v2\/tags?post=5581"}],"curies":[{"name":"wp","href":"https:\/\/api.w.org\/{rel}","templated":true}]}}