{"id":6183,"date":"2026-09-01T01:16:32","date_gmt":"2026-08-31T23:16:32","guid":{"rendered":"https:\/\/ple187.poznan.pl\/?p=6183"},"modified":"2026-09-01T01:25:26","modified_gmt":"2026-08-31T23:25:26","slug":"witamy-w-nowym-roku-szkolnym-2026-27","status":"publish","type":"post","link":"https:\/\/ple187.poznan.pl\/index.php\/2026\/09\/01\/witamy-w-nowym-roku-szkolnym-2026-27\/","title":{"rendered":"Witamy w Nowym Roku Szkolnym 2026\/27"},"content":{"rendered":"\n<p>Wrzesie\u0144 to niezwyk\u0142y czas. <br>W sercach wielu z Was &#8211; Rodzic\u00f3w, mieszaj\u0105 si\u0119 nowe, niezwykle emocje. Te male\u0144kie st\u00f3pki, kt\u00f3re jeszcze przed chwil\u0105 mie\u015bci\u0142y si\u0119 w Waszych d\u0142oniach, od dzi\u015b stawia\u0107 b\u0119d\u0105 swoje kroki w stron\u0119 \u015bwiata przedszkolnych przyg\u00f3d. <br>\u017byczymy Wam cudownego, spokojnego pierwszego dnia. <br>Witamy w Nowym Roku Szkolnym!<\/p>\n","protected":false},"excerpt":{"rendered":"<p>Wrzesie\u0144 to niezwyk\u0142y czas. W sercach wielu z Was &#8211; Rodzic\u00f3w, mieszaj\u0105 si\u0119 nowe, niezwykle emocje. Te male\u0144kie st\u00f3pki, kt\u00f3re jeszcze przed chwil\u0105 mie\u015bci\u0142y si\u0119 w Waszych d\u0142oniach, od dzi\u015b stawia\u0107 b\u0119d\u0105 swoje kroki w stron\u0119 \u015bwiata przedszkolnych przyg\u00f3d. \u017byczymy Wam cudownego, spokojnego pierwszego dnia. Witamy w Nowym Roku Szkolnym!<\/p>\n","protected":false},"author":3,"featured_media":6190,"comment_status":"open","ping_status":"open","sticky":false,"template":"","format":"standard","meta":{"ngg_post_thumbnail":0,"footnotes":""},"categories":[1],"tags":[],"_links":{"self":[{"href":"https:\/\/ple187.poznan.pl\/index.php\/wp-json\/wp\/v2\/posts\/6183"}],"collection":[{"href":"https:\/\/ple187.poznan.pl\/index.php\/wp-json\/wp\/v2\/posts"}],"about":[{"href":"https:\/\/ple187.poznan.pl\/index.php\/wp-json\/wp\/v2\/types\/post"}],"author":[{"embeddable":true,"href":"https:\/\/ple187.poznan.pl\/index.php\/wp-json\/wp\/v2\/users\/3"}],"replies":[{"embeddable":true,"href":"https:\/\/ple187.poznan.pl\/index.php\/wp-json\/wp\/v2\/comments?post=6183"}],"version-history":[{"count":3,"href":"https:\/\/ple187.poznan.pl\/index.php\/wp-json\/wp\/v2\/posts\/6183\/revisions"}],"predecessor-version":[{"id":6188,"href":"https:\/\/ple187.poznan.pl\/index.php\/wp-json\/wp\/v2\/posts\/6183\/revisions\/6188"}],"wp:featuredmedia":[{"embeddable":true,"href":"https:\/\/ple187.poznan.pl\/index.php\/wp-json\/wp\/v2\/media\/6190"}],"wp:attachment":[{"href":"https:\/\/ple187.poznan.pl\/index.php\/wp-json\/wp\/v2\/media?parent=6183"}],"wp:term":[{"taxonomy":"category","embeddable":true,"href":"https:\/\/ple187.poznan.pl\/index.php\/wp-json\/wp\/v2\/categories?post=6183"},{"taxonomy":"post_tag","embeddable":true,"href":"https:\/\/ple187.poznan.pl\/index.php\/wp-json\/wp\/v2\/tags?post=6183"}],"curies":[{"name":"wp","href":"https:\/\/api.w.org\/{rel}","templated":true}]}}